{"id":1228,"date":"2019-06-28T11:23:39","date_gmt":"2019-06-28T09:23:39","guid":{"rendered":"https:\/\/sveceny.cz\/?p=1228"},"modified":"2019-06-28T11:23:39","modified_gmt":"2019-06-28T09:23:39","slug":"festival-jihoceske-nove-hrady-4-rocnik-jaroslav-sveceny-a-hoste","status":"publish","type":"post","link":"https:\/\/www.sveceny.cz\/en\/festival-jihoceske-nove-hrady-4-rocnik-jaroslav-sveceny-a-hoste\/","title":{"rendered":"Festival  Jiho\u010desk\u00e9 Nov\u00e9 Hrady &#8211; 4.ro\u010dn\u00edk Jaroslav Sv\u011bcen\u00fd a host\u00e9"},"content":{"rendered":"<p>Na konci \u010dervence 27. &#8211; 31.7. prob\u011bhne\u00a0 ji\u017e po\u010dtvrt\u00e9 festival\u00a0 Jiho\u010desk\u00e9 Nov\u00e9 Hrady. Na p\u011bti koncertech na malebn\u00fdch m\u00edstech p\u0159edstav\u00ed svoje hudebn\u00ed hosty. Na koncertech poslucha\u010di usly\u0161\u00ed p\u0159edn\u00ed interprety ve sv\u00fdch oborech. Jmenujme\u00a0 vyhled\u00e1van\u00e9ho klav\u00edristu V\u00e1clava M\u00e1chu, zn\u00e1mou fl\u00e9tnistku \u017dofii Vok\u00e1lkovou,<br \/>\nvynikaj\u00edc\u00ed virginalistku Michaelu K\u00e1\u010derkovou, kytaristu Miloslava Klause a dal\u0161\u00ed &#8230;.<br \/>\nPodrobn\u00fd program a vstupenky v Kulturn\u00edm centru Nov\u00e9 Hrady a\u00a0<a href=\"http:\/\/www.cbsystem.cz\">http:\/\/www.cbsystem.cz<\/a><\/p>\n<p>&nbsp;<\/p>\n<p>&nbsp;<\/p>\n","protected":false},"excerpt":{"rendered":"<p>Na konci \u010dervence 27. &#8211; 31.7. prob\u011bhne\u00a0 ji\u017e po\u010dtvrt\u00e9 festival\u00a0 Jiho\u010desk\u00e9 Nov\u00e9 Hrady. Na p\u011bti koncertech na malebn\u00fdch m\u00edstech p\u0159edstav\u00ed svoje hudebn\u00ed hosty. Na koncertech poslucha\u010di usly\u0161\u00ed p\u0159edn\u00ed interprety ve sv\u00fdch oborech. Jmenujme\u00a0 vyhled\u00e1van\u00e9ho klav\u00edristu V\u00e1clava M\u00e1chu, zn\u00e1mou fl\u00e9tnistku \u017dofii Vok\u00e1lkovou, vynikaj\u00edc\u00ed virginalistku Michaelu K\u00e1\u010derkovou, kytaristu Miloslava Klause a dal\u0161\u00ed &#8230;. Podrobn\u00fd program a vstupenky [&hellip;]<\/p>\n","protected":false},"author":2,"featured_media":1229,"comment_status":"open","ping_status":"open","sticky":false,"template":"","format":"standard","meta":{"_acf_changed":false,"footnotes":""},"categories":[2],"tags":[],"class_list":["post-1228","post","type-post","status-publish","format-standard","has-post-thumbnail","hentry","category-uncategorized"],"acf":[],"yoast_head":"<!-- This site is optimized with the Yoast SEO plugin v25.4 - https:\/\/yoast.com\/wordpress\/plugins\/seo\/ -->\n<title>Festival Jiho\u010desk\u00e9 Nov\u00e9 Hrady - 4.ro\u010dn\u00edk Jaroslav Sv\u011bcen\u00fd a host\u00e9 - Jaroslav Sv\u011bcen\u00fd<\/title>\n<meta name=\"robots\" content=\"index, follow, max-snippet:-1, max-image-preview:large, max-video-preview:-1\" \/>\n<link rel=\"canonical\" href=\"https:\/\/www.sveceny.cz\/en\/festival-jihoceske-nove-hrady-4-rocnik-jaroslav-sveceny-a-hoste\/\" \/>\n<meta property=\"og:locale\" content=\"en_US\" \/>\n<meta property=\"og:type\" content=\"article\" \/>\n<meta property=\"og:title\" content=\"Festival Jiho\u010desk\u00e9 Nov\u00e9 Hrady - 4.ro\u010dn\u00edk Jaroslav Sv\u011bcen\u00fd a host\u00e9 - Jaroslav Sv\u011bcen\u00fd\" \/>\n<meta property=\"og:description\" content=\"Na konci \u010dervence 27. &#8211; 31.7. prob\u011bhne\u00a0 ji\u017e po\u010dtvrt\u00e9 festival\u00a0 Jiho\u010desk\u00e9 Nov\u00e9 Hrady. Na p\u011bti koncertech na malebn\u00fdch m\u00edstech p\u0159edstav\u00ed svoje hudebn\u00ed hosty. Na koncertech poslucha\u010di usly\u0161\u00ed p\u0159edn\u00ed interprety ve sv\u00fdch oborech. Jmenujme\u00a0 vyhled\u00e1van\u00e9ho klav\u00edristu V\u00e1clava M\u00e1chu, zn\u00e1mou fl\u00e9tnistku \u017dofii Vok\u00e1lkovou, vynikaj\u00edc\u00ed virginalistku Michaelu K\u00e1\u010derkovou, kytaristu Miloslava Klause a dal\u0161\u00ed &#8230;. Podrobn\u00fd program a vstupenky [&hellip;]\" \/>\n<meta property=\"og:url\" content=\"https:\/\/www.sveceny.cz\/en\/festival-jihoceske-nove-hrady-4-rocnik-jaroslav-sveceny-a-hoste\/\" \/>\n<meta property=\"og:site_name\" content=\"Jaroslav Sv\u011bcen\u00fd\" \/>\n<meta property=\"article:published_time\" content=\"2019-06-28T09:23:39+00:00\" \/>\n<meta property=\"og:image\" content=\"https:\/\/www.sveceny.cz\/wp-content\/uploads\/2019\/06\/jihoceske-nove-hrady__kopie.jpg\" \/>\n\t<meta property=\"og:image:width\" content=\"1008\" \/>\n\t<meta property=\"og:image:height\" content=\"511\" \/>\n\t<meta property=\"og:image:type\" content=\"image\/jpeg\" \/>\n<meta name=\"author\" content=\"Jaroslav\" \/>\n<meta name=\"twitter:card\" content=\"summary_large_image\" \/>\n<meta name=\"twitter:label1\" content=\"Written by\" \/>\n\t<meta name=\"twitter:data1\" content=\"Jaroslav\" \/>\n<script type=\"application\/ld+json\" class=\"yoast-schema-graph\">{\"@context\":\"https:\/\/schema.org\",\"@graph\":[{\"@type\":\"Article\",\"@id\":\"https:\/\/www.sveceny.cz\/en\/festival-jihoceske-nove-hrady-4-rocnik-jaroslav-sveceny-a-hoste\/#article\",\"isPartOf\":{\"@id\":\"https:\/\/www.sveceny.cz\/en\/festival-jihoceske-nove-hrady-4-rocnik-jaroslav-sveceny-a-hoste\/\"},\"author\":{\"name\":\"Jaroslav\",\"@id\":\"https:\/\/www.sveceny.cz\/#\/schema\/person\/923756e4254f42a7157baf29a6bf8f15\"},\"headline\":\"Festival Jiho\u010desk\u00e9 Nov\u00e9 Hrady &#8211; 4.ro\u010dn\u00edk Jaroslav Sv\u011bcen\u00fd a host\u00e9\",\"datePublished\":\"2019-06-28T09:23:39+00:00\",\"mainEntityOfPage\":{\"@id\":\"https:\/\/www.sveceny.cz\/en\/festival-jihoceske-nove-hrady-4-rocnik-jaroslav-sveceny-a-hoste\/\"},\"wordCount\":99,\"commentCount\":0,\"publisher\":{\"@id\":\"https:\/\/www.sveceny.cz\/#\/schema\/person\/923756e4254f42a7157baf29a6bf8f15\"},\"image\":{\"@id\":\"https:\/\/www.sveceny.cz\/en\/festival-jihoceske-nove-hrady-4-rocnik-jaroslav-sveceny-a-hoste\/#primaryimage\"},\"thumbnailUrl\":\"https:\/\/www.sveceny.cz\/wp-content\/uploads\/2019\/06\/jihoceske-nove-hrady__kopie.jpg\",\"inLanguage\":\"en-US\",\"potentialAction\":[{\"@type\":\"CommentAction\",\"name\":\"Comment\",\"target\":[\"https:\/\/www.sveceny.cz\/en\/festival-jihoceske-nove-hrady-4-rocnik-jaroslav-sveceny-a-hoste\/#respond\"]}]},{\"@type\":\"WebPage\",\"@id\":\"https:\/\/www.sveceny.cz\/en\/festival-jihoceske-nove-hrady-4-rocnik-jaroslav-sveceny-a-hoste\/\",\"url\":\"https:\/\/www.sveceny.cz\/en\/festival-jihoceske-nove-hrady-4-rocnik-jaroslav-sveceny-a-hoste\/\",\"name\":\"Festival Jiho\u010desk\u00e9 Nov\u00e9 Hrady - 4.ro\u010dn\u00edk Jaroslav Sv\u011bcen\u00fd a host\u00e9 - Jaroslav Sv\u011bcen\u00fd\",\"isPartOf\":{\"@id\":\"https:\/\/www.sveceny.cz\/#website\"},\"primaryImageOfPage\":{\"@id\":\"https:\/\/www.sveceny.cz\/en\/festival-jihoceske-nove-hrady-4-rocnik-jaroslav-sveceny-a-hoste\/#primaryimage\"},\"image\":{\"@id\":\"https:\/\/www.sveceny.cz\/en\/festival-jihoceske-nove-hrady-4-rocnik-jaroslav-sveceny-a-hoste\/#primaryimage\"},\"thumbnailUrl\":\"https:\/\/www.sveceny.cz\/wp-content\/uploads\/2019\/06\/jihoceske-nove-hrady__kopie.jpg\",\"datePublished\":\"2019-06-28T09:23:39+00:00\",\"breadcrumb\":{\"@id\":\"https:\/\/www.sveceny.cz\/en\/festival-jihoceske-nove-hrady-4-rocnik-jaroslav-sveceny-a-hoste\/#breadcrumb\"},\"inLanguage\":\"en-US\",\"potentialAction\":[{\"@type\":\"ReadAction\",\"target\":[\"https:\/\/www.sveceny.cz\/en\/festival-jihoceske-nove-hrady-4-rocnik-jaroslav-sveceny-a-hoste\/\"]}]},{\"@type\":\"ImageObject\",\"inLanguage\":\"en-US\",\"@id\":\"https:\/\/www.sveceny.cz\/en\/festival-jihoceske-nove-hrady-4-rocnik-jaroslav-sveceny-a-hoste\/#primaryimage\",\"url\":\"https:\/\/www.sveceny.cz\/wp-content\/uploads\/2019\/06\/jihoceske-nove-hrady__kopie.jpg\",\"contentUrl\":\"https:\/\/www.sveceny.cz\/wp-content\/uploads\/2019\/06\/jihoceske-nove-hrady__kopie.jpg\",\"width\":1008,\"height\":511},{\"@type\":\"BreadcrumbList\",\"@id\":\"https:\/\/www.sveceny.cz\/en\/festival-jihoceske-nove-hrady-4-rocnik-jaroslav-sveceny-a-hoste\/#breadcrumb\",\"itemListElement\":[{\"@type\":\"ListItem\",\"position\":1,\"name\":\"Dom\u016f\",\"item\":\"https:\/\/www.sveceny.cz\/en\/\"},{\"@type\":\"ListItem\",\"position\":2,\"name\":\"Festival Jiho\u010desk\u00e9 Nov\u00e9 Hrady &#8211; 4.ro\u010dn\u00edk Jaroslav Sv\u011bcen\u00fd a host\u00e9\"}]},{\"@type\":\"WebSite\",\"@id\":\"https:\/\/www.sveceny.cz\/#website\",\"url\":\"https:\/\/www.sveceny.cz\/\",\"name\":\"Jaroslav Sv\u011bcen\u00fd\",\"description\":\"\u010cesk\u00fd houslov\u00fd virtuos\",\"publisher\":{\"@id\":\"https:\/\/www.sveceny.cz\/#\/schema\/person\/923756e4254f42a7157baf29a6bf8f15\"},\"potentialAction\":[{\"@type\":\"SearchAction\",\"target\":{\"@type\":\"EntryPoint\",\"urlTemplate\":\"https:\/\/www.sveceny.cz\/?s={search_term_string}\"},\"query-input\":{\"@type\":\"PropertyValueSpecification\",\"valueRequired\":true,\"valueName\":\"search_term_string\"}}],\"inLanguage\":\"en-US\"},{\"@type\":[\"Person\",\"Organization\"],\"@id\":\"https:\/\/www.sveceny.cz\/#\/schema\/person\/923756e4254f42a7157baf29a6bf8f15\",\"name\":\"Jaroslav\",\"image\":{\"@type\":\"ImageObject\",\"inLanguage\":\"en-US\",\"@id\":\"https:\/\/www.sveceny.cz\/#\/schema\/person\/image\/\",\"url\":\"https:\/\/secure.gravatar.com\/avatar\/72593fabec0b4f87dbdaf7bd1010408778ba2a5dad577e9c1cd368b4d6e16116?s=96&d=mm&r=g\",\"contentUrl\":\"https:\/\/secure.gravatar.com\/avatar\/72593fabec0b4f87dbdaf7bd1010408778ba2a5dad577e9c1cd368b4d6e16116?s=96&d=mm&r=g\",\"caption\":\"Jaroslav\"},\"logo\":{\"@id\":\"https:\/\/www.sveceny.cz\/#\/schema\/person\/image\/\"},\"url\":\"https:\/\/www.sveceny.cz\/en\/author\/svecenysveceny-cz\/\"}]}<\/script>\n<!-- \/ Yoast SEO plugin. -->","yoast_head_json":{"title":"Festival Jiho\u010desk\u00e9 Nov\u00e9 Hrady - 4.ro\u010dn\u00edk Jaroslav Sv\u011bcen\u00fd a host\u00e9 - Jaroslav Sv\u011bcen\u00fd","robots":{"index":"index","follow":"follow","max-snippet":"max-snippet:-1","max-image-preview":"max-image-preview:large","max-video-preview":"max-video-preview:-1"},"canonical":"https:\/\/www.sveceny.cz\/en\/festival-jihoceske-nove-hrady-4-rocnik-jaroslav-sveceny-a-hoste\/","og_locale":"en_US","og_type":"article","og_title":"Festival Jiho\u010desk\u00e9 Nov\u00e9 Hrady - 4.ro\u010dn\u00edk Jaroslav Sv\u011bcen\u00fd a host\u00e9 - Jaroslav Sv\u011bcen\u00fd","og_description":"Na konci \u010dervence 27. &#8211; 31.7. prob\u011bhne\u00a0 ji\u017e po\u010dtvrt\u00e9 festival\u00a0 Jiho\u010desk\u00e9 Nov\u00e9 Hrady. Na p\u011bti koncertech na malebn\u00fdch m\u00edstech p\u0159edstav\u00ed svoje hudebn\u00ed hosty. Na koncertech poslucha\u010di usly\u0161\u00ed p\u0159edn\u00ed interprety ve sv\u00fdch oborech. Jmenujme\u00a0 vyhled\u00e1van\u00e9ho klav\u00edristu V\u00e1clava M\u00e1chu, zn\u00e1mou fl\u00e9tnistku \u017dofii Vok\u00e1lkovou, vynikaj\u00edc\u00ed virginalistku Michaelu K\u00e1\u010derkovou, kytaristu Miloslava Klause a dal\u0161\u00ed &#8230;. Podrobn\u00fd program a vstupenky [&hellip;]","og_url":"https:\/\/www.sveceny.cz\/en\/festival-jihoceske-nove-hrady-4-rocnik-jaroslav-sveceny-a-hoste\/","og_site_name":"Jaroslav Sv\u011bcen\u00fd","article_published_time":"2019-06-28T09:23:39+00:00","og_image":[{"width":1008,"height":511,"url":"https:\/\/www.sveceny.cz\/wp-content\/uploads\/2019\/06\/jihoceske-nove-hrady__kopie.jpg","type":"image\/jpeg"}],"author":"Jaroslav","twitter_card":"summary_large_image","twitter_misc":{"Written by":"Jaroslav"},"schema":{"@context":"https:\/\/schema.org","@graph":[{"@type":"Article","@id":"https:\/\/www.sveceny.cz\/en\/festival-jihoceske-nove-hrady-4-rocnik-jaroslav-sveceny-a-hoste\/#article","isPartOf":{"@id":"https:\/\/www.sveceny.cz\/en\/festival-jihoceske-nove-hrady-4-rocnik-jaroslav-sveceny-a-hoste\/"},"author":{"name":"Jaroslav","@id":"https:\/\/www.sveceny.cz\/#\/schema\/person\/923756e4254f42a7157baf29a6bf8f15"},"headline":"Festival Jiho\u010desk\u00e9 Nov\u00e9 Hrady &#8211; 4.ro\u010dn\u00edk Jaroslav Sv\u011bcen\u00fd a host\u00e9","datePublished":"2019-06-28T09:23:39+00:00","mainEntityOfPage":{"@id":"https:\/\/www.sveceny.cz\/en\/festival-jihoceske-nove-hrady-4-rocnik-jaroslav-sveceny-a-hoste\/"},"wordCount":99,"commentCount":0,"publisher":{"@id":"https:\/\/www.sveceny.cz\/#\/schema\/person\/923756e4254f42a7157baf29a6bf8f15"},"image":{"@id":"https:\/\/www.sveceny.cz\/en\/festival-jihoceske-nove-hrady-4-rocnik-jaroslav-sveceny-a-hoste\/#primaryimage"},"thumbnailUrl":"https:\/\/www.sveceny.cz\/wp-content\/uploads\/2019\/06\/jihoceske-nove-hrady__kopie.jpg","inLanguage":"en-US","potentialAction":[{"@type":"CommentAction","name":"Comment","target":["https:\/\/www.sveceny.cz\/en\/festival-jihoceske-nove-hrady-4-rocnik-jaroslav-sveceny-a-hoste\/#respond"]}]},{"@type":"WebPage","@id":"https:\/\/www.sveceny.cz\/en\/festival-jihoceske-nove-hrady-4-rocnik-jaroslav-sveceny-a-hoste\/","url":"https:\/\/www.sveceny.cz\/en\/festival-jihoceske-nove-hrady-4-rocnik-jaroslav-sveceny-a-hoste\/","name":"Festival Jiho\u010desk\u00e9 Nov\u00e9 Hrady - 4.ro\u010dn\u00edk Jaroslav Sv\u011bcen\u00fd a host\u00e9 - Jaroslav Sv\u011bcen\u00fd","isPartOf":{"@id":"https:\/\/www.sveceny.cz\/#website"},"primaryImageOfPage":{"@id":"https:\/\/www.sveceny.cz\/en\/festival-jihoceske-nove-hrady-4-rocnik-jaroslav-sveceny-a-hoste\/#primaryimage"},"image":{"@id":"https:\/\/www.sveceny.cz\/en\/festival-jihoceske-nove-hrady-4-rocnik-jaroslav-sveceny-a-hoste\/#primaryimage"},"thumbnailUrl":"https:\/\/www.sveceny.cz\/wp-content\/uploads\/2019\/06\/jihoceske-nove-hrady__kopie.jpg","datePublished":"2019-06-28T09:23:39+00:00","breadcrumb":{"@id":"https:\/\/www.sveceny.cz\/en\/festival-jihoceske-nove-hrady-4-rocnik-jaroslav-sveceny-a-hoste\/#breadcrumb"},"inLanguage":"en-US","potentialAction":[{"@type":"ReadAction","target":["https:\/\/www.sveceny.cz\/en\/festival-jihoceske-nove-hrady-4-rocnik-jaroslav-sveceny-a-hoste\/"]}]},{"@type":"ImageObject","inLanguage":"en-US","@id":"https:\/\/www.sveceny.cz\/en\/festival-jihoceske-nove-hrady-4-rocnik-jaroslav-sveceny-a-hoste\/#primaryimage","url":"https:\/\/www.sveceny.cz\/wp-content\/uploads\/2019\/06\/jihoceske-nove-hrady__kopie.jpg","contentUrl":"https:\/\/www.sveceny.cz\/wp-content\/uploads\/2019\/06\/jihoceske-nove-hrady__kopie.jpg","width":1008,"height":511},{"@type":"BreadcrumbList","@id":"https:\/\/www.sveceny.cz\/en\/festival-jihoceske-nove-hrady-4-rocnik-jaroslav-sveceny-a-hoste\/#breadcrumb","itemListElement":[{"@type":"ListItem","position":1,"name":"Dom\u016f","item":"https:\/\/www.sveceny.cz\/en\/"},{"@type":"ListItem","position":2,"name":"Festival Jiho\u010desk\u00e9 Nov\u00e9 Hrady &#8211; 4.ro\u010dn\u00edk Jaroslav Sv\u011bcen\u00fd a host\u00e9"}]},{"@type":"WebSite","@id":"https:\/\/www.sveceny.cz\/#website","url":"https:\/\/www.sveceny.cz\/","name":"Jaroslav Sv\u011bcen\u00fd","description":"\u010cesk\u00fd houslov\u00fd virtuos","publisher":{"@id":"https:\/\/www.sveceny.cz\/#\/schema\/person\/923756e4254f42a7157baf29a6bf8f15"},"potentialAction":[{"@type":"SearchAction","target":{"@type":"EntryPoint","urlTemplate":"https:\/\/www.sveceny.cz\/?s={search_term_string}"},"query-input":{"@type":"PropertyValueSpecification","valueRequired":true,"valueName":"search_term_string"}}],"inLanguage":"en-US"},{"@type":["Person","Organization"],"@id":"https:\/\/www.sveceny.cz\/#\/schema\/person\/923756e4254f42a7157baf29a6bf8f15","name":"Jaroslav","image":{"@type":"ImageObject","inLanguage":"en-US","@id":"https:\/\/www.sveceny.cz\/#\/schema\/person\/image\/","url":"https:\/\/secure.gravatar.com\/avatar\/72593fabec0b4f87dbdaf7bd1010408778ba2a5dad577e9c1cd368b4d6e16116?s=96&d=mm&r=g","contentUrl":"https:\/\/secure.gravatar.com\/avatar\/72593fabec0b4f87dbdaf7bd1010408778ba2a5dad577e9c1cd368b4d6e16116?s=96&d=mm&r=g","caption":"Jaroslav"},"logo":{"@id":"https:\/\/www.sveceny.cz\/#\/schema\/person\/image\/"},"url":"https:\/\/www.sveceny.cz\/en\/author\/svecenysveceny-cz\/"}]}},"publishpress_future_action":{"enabled":false,"date":"2026-05-07 03:11:49","action":"change-status","newStatus":"draft","terms":[],"taxonomy":"category"},"publishpress_future_workflow_manual_trigger":{"enabledWorkflows":[]},"_links":{"self":[{"href":"https:\/\/www.sveceny.cz\/en\/wp-json\/wp\/v2\/posts\/1228","targetHints":{"allow":["GET"]}}],"collection":[{"href":"https:\/\/www.sveceny.cz\/en\/wp-json\/wp\/v2\/posts"}],"about":[{"href":"https:\/\/www.sveceny.cz\/en\/wp-json\/wp\/v2\/types\/post"}],"author":[{"embeddable":true,"href":"https:\/\/www.sveceny.cz\/en\/wp-json\/wp\/v2\/users\/2"}],"replies":[{"embeddable":true,"href":"https:\/\/www.sveceny.cz\/en\/wp-json\/wp\/v2\/comments?post=1228"}],"version-history":[{"count":1,"href":"https:\/\/www.sveceny.cz\/en\/wp-json\/wp\/v2\/posts\/1228\/revisions"}],"predecessor-version":[{"id":1231,"href":"https:\/\/www.sveceny.cz\/en\/wp-json\/wp\/v2\/posts\/1228\/revisions\/1231"}],"wp:featuredmedia":[{"embeddable":true,"href":"https:\/\/www.sveceny.cz\/en\/wp-json\/wp\/v2\/media\/1229"}],"wp:attachment":[{"href":"https:\/\/www.sveceny.cz\/en\/wp-json\/wp\/v2\/media?parent=1228"}],"wp:term":[{"taxonomy":"category","embeddable":true,"href":"https:\/\/www.sveceny.cz\/en\/wp-json\/wp\/v2\/categories?post=1228"},{"taxonomy":"post_tag","embeddable":true,"href":"https:\/\/www.sveceny.cz\/en\/wp-json\/wp\/v2\/tags?post=1228"}],"curies":[{"name":"wp","href":"https:\/\/api.w.org\/{rel}","templated":true}]}}